{"id":6392,"date":"2026-08-10T19:37:09","date_gmt":"2026-08-10T19:37:09","guid":{"rendered":"https:\/\/autistandopelomundo.com\/?p=6392"},"modified":"2026-08-11T17:47:05","modified_gmt":"2026-08-11T17:47:05","slug":"autista-tem-direito-vaga-pcd","status":"publish","type":"post","link":"https:\/\/autistandopelomundo.com\/pt_br\/autista-tem-direito-vaga-pcd\/","title":{"rendered":"Autista tem direito a vaga PCD"},"content":{"rendered":"\t\t<div data-elementor-type=\"wp-post\" data-elementor-id=\"6392\" class=\"elementor elementor-6392\">\n\t\t\t\t<div class=\"elementor-element elementor-element-e97fdc3 e-flex e-con-boxed e-con e-parent\" data-id=\"e97fdc3\" data-element_type=\"container\" data-e-type=\"container\">\n\t\t\t\t\t<div class=\"e-con-inner\">\n\t\t\t\t<div class=\"elementor-element elementor-element-39b4a11 elementor-widget elementor-widget-image\" data-id=\"39b4a11\" data-element_type=\"widget\" data-e-type=\"widget\" data-widget_type=\"image.default\">\n\t\t\t\t<div class=\"elementor-widget-container\">\n\t\t\t\t\t\t\t\t\t\t\t\t\t\t\t<img fetchpriority=\"high\" decoding=\"async\" width=\"1024\" height=\"576\" src=\"https:\/\/autistandopelomundo.com\/wp-content\/uploads\/2026\/08\/file_000000005584820ea3b3e40b1c606036-1024x576.jpg\" class=\"attachment-large size-large wp-image-6391\" alt=\"Profissional de hotelaria atendendo turistas em uma recep\u00e7\u00e3o acess\u00edvel e inclusiva, com viajantes e pessoa em cadeira de rodas ao fundo.\" srcset=\"https:\/\/autistandopelomundo.com\/wp-content\/uploads\/2026\/08\/file_000000005584820ea3b3e40b1c606036-1024x576.jpg 1024w, https:\/\/autistandopelomundo.com\/wp-content\/uploads\/2026\/08\/file_000000005584820ea3b3e40b1c606036-300x169.jpg 300w, https:\/\/autistandopelomundo.com\/wp-content\/uploads\/2026\/08\/file_000000005584820ea3b3e40b1c606036-768x432.jpg 768w, https:\/\/autistandopelomundo.com\/wp-content\/uploads\/2026\/08\/file_000000005584820ea3b3e40b1c606036-1536x864.jpg 1536w, https:\/\/autistandopelomundo.com\/wp-content\/uploads\/2026\/08\/file_000000005584820ea3b3e40b1c606036-18x10.jpg 18w, https:\/\/autistandopelomundo.com\/wp-content\/uploads\/2026\/08\/file_000000005584820ea3b3e40b1c606036.jpg 1672w\" sizes=\"(max-width: 1024px) 100vw, 1024px\" \/>\t\t\t\t\t\t\t\t\t\t\t\t\t\t\t<\/div>\n\t\t\t\t<\/div>\n\t\t\t\t\t<\/div>\n\t\t\t\t<\/div>\n\t\t<div class=\"elementor-element elementor-element-19285d6 e-flex e-con-boxed e-con e-parent\" data-id=\"19285d6\" data-element_type=\"container\" data-e-type=\"container\">\n\t\t\t\t\t<div class=\"e-con-inner\">\n\t\t\t\t<div class=\"elementor-element elementor-element-ca48502 elementor-widget elementor-widget-html\" data-id=\"ca48502\" data-element_type=\"widget\" data-e-type=\"widget\" data-widget_type=\"html.default\">\n\t\t\t\t<div class=\"elementor-widget-container\">\n\t\t\t\t\t<article class=\"autistando-post\">\n\n<p>Conseguir um emprego ainda \u00e9 um grande desafio para muitas pessoas autistas no Brasil. E isso gera uma d\u00favida bastante comum: <strong>afinal, autista tem direito a vaga PCD?<\/strong> \ud83e\udde9<\/p>\n\n<p>A resposta \u00e9 <strong>sim<\/strong>. Para todos os efeitos legais, a pessoa com Transtorno do Espectro Autista (TEA) \u00e9 considerada pessoa com defici\u00eancia. Isso significa que pessoas autistas podem concorrer \u00e0s vagas destinadas a pessoas com defici\u00eancia e tamb\u00e9m podem ser contabilizadas pelas empresas para o cumprimento da chamada Lei de Cotas.<\/p>\n\n<p>Mas existe uma diferen\u00e7a importante entre ter um direito reconhecido pela legisla\u00e7\u00e3o e encontrar um mercado de trabalho realmente preparado para a neurodiversidade.<\/p>\n\n<p>Essa discuss\u00e3o fica ainda mais interessante quando olhamos para setores como <strong>turismo, hotelaria, eventos, atra\u00e7\u00f5es tur\u00edsticas, aeroportos, ag\u00eancias de viagens e atendimento ao viajante<\/strong>. \u2708\ufe0f\ud83c\udfe8<\/p>\n\n<p>Afinal, estamos falando de um setor que precisa aprender cada vez mais a receber turistas autistas, mas que tamb\u00e9m pode avan\u00e7ar muito quando o assunto \u00e9 <strong>incluir pessoas autistas entre seus pr\u00f3prios profissionais<\/strong>.<\/p>\n\n<h2>\ud83e\udde9 Autista \u00e9 considerado PCD pela legisla\u00e7\u00e3o brasileira?<\/h2>\n\n<p>Sim. A <strong>Lei n\u00ba 12.764\/2012<\/strong>, conhecida como Lei Berenice Piana, estabelece que a pessoa com Transtorno do Espectro Autista \u00e9 considerada <strong>pessoa com defici\u00eancia para todos os efeitos legais<\/strong>.<\/p>\n\n<p>A legisla\u00e7\u00e3o tamb\u00e9m inclui entre suas diretrizes o est\u00edmulo \u00e0 inser\u00e7\u00e3o da pessoa autista no mercado de trabalho e reconhece o acesso ao trabalho como um de seus direitos.<\/p>\n\n<p>Na pr\u00e1tica, portanto, uma pessoa autista pode se candidatar a processos seletivos destinados a pessoas com defici\u00eancia, observadas as regras e documenta\u00e7\u00f5es aplic\u00e1veis a cada processo.<\/p>\n\n<p>Isso vale independentemente de estere\u00f3tipos sobre como uma pessoa autista deveria parecer ou se comportar.<\/p>\n\n<p>O espectro autista \u00e9 amplo, e pessoas diferentes podem apresentar necessidades, habilidades e n\u00edveis de suporte bastante distintos.<\/p>\n\n<p>\ud83d\udc49 <strong>Fonte oficial:<\/strong> <a href=\"https:\/\/www.planalto.gov.br\/ccivil_03\/_ato2011-2014\/2012\/lei\/l12764.htm\" target=\"_blank\" rel=\"noopener noreferrer\">Lei n\u00ba 12.764\/2012 \u2013 Presid\u00eancia da Rep\u00fablica<\/a>.<\/p>\n\n<h2>\u2696\ufe0f Como funciona a Lei de Cotas para pessoas com defici\u00eancia?<\/h2>\n\n<p>A chamada <strong>Lei de Cotas<\/strong> est\u00e1 prevista no artigo 93 da Lei n\u00ba 8.213\/1991.<\/p>\n\n<p>Ela determina que empresas com <strong>100 ou mais empregados<\/strong> preencham uma parcela de seus cargos com pessoas com defici\u00eancia ou benefici\u00e1rios reabilitados.<\/p>\n\n<ul>\n    <li>Empresas com at\u00e9 200 empregados: <strong>2%<\/strong> dos cargos;<\/li>\n    <li>de 201 a 500 empregados: <strong>3%<\/strong>;<\/li>\n    <li>de 501 a 1.000 empregados: <strong>4%<\/strong>;<\/li>\n    <li>mais de 1.000 empregados: <strong>5%<\/strong>.<\/li>\n<\/ul>\n\n<p>Como a legisla\u00e7\u00e3o brasileira considera a pessoa autista uma pessoa com defici\u00eancia para todos os efeitos legais, ela pode integrar essas vagas.<\/p>\n\n<p>Por\u00e9m, \u00e9 importante entender que a Lei de Cotas <strong>n\u00e3o garante automaticamente um emprego individual para cada pessoa autista<\/strong>.<\/p>\n\n<p>Ela estabelece uma obriga\u00e7\u00e3o de reserva de cargos para determinadas empresas.<\/p>\n\n<p>A pessoa participa do processo de contrata\u00e7\u00e3o e precisa preencher os requisitos profissionais compat\u00edveis com a fun\u00e7\u00e3o, mas n\u00e3o pode sofrer discrimina\u00e7\u00e3o em raz\u00e3o da defici\u00eancia.<\/p>\n\n<p>\ud83d\udc49 <strong>Fonte oficial:<\/strong> <a href=\"https:\/\/www.planalto.gov.br\/ccivil_03\/leis\/l8213cons.htm\" target=\"_blank\" rel=\"noopener noreferrer\">Lei n\u00ba 8.213\/1991 \u2013 Presid\u00eancia da Rep\u00fablica<\/a>.<\/p>\n\n<h2>\ud83e\udd14 Se existe uma lei, por que conseguir emprego ainda \u00e9 t\u00e3o dif\u00edcil?<\/h2>\n\n<p>Esse talvez seja o ponto mais importante da discuss\u00e3o.<\/p>\n\n<p>Em abril de 2026, a Comiss\u00e3o de Direitos Humanos do Senado Federal realizou uma audi\u00eancia p\u00fablica para discutir justamente os obst\u00e1culos enfrentados por adultos autistas no mercado de trabalho.<\/p>\n\n<p>Entre as dificuldades apresentadas estavam <strong>preconceito, desconhecimento sobre o autismo, falta de acessibilidade e aus\u00eancia de suporte adequado dentro das empresas<\/strong>.<\/p>\n\n<p>Tamb\u00e9m foi relatado que algumas pessoas autistas preferem n\u00e3o informar sua condi\u00e7\u00e3o durante a procura por emprego por medo de enfrentar preconceito.<\/p>\n\n<p>Durante discuss\u00f5es sobre empregabilidade, uma estimativa bastante divulgada afirma que cerca de 85% dos adultos autistas estariam fora do mercado de trabalho.<\/p>\n\n<p>Esse n\u00famero, por\u00e9m, precisa ser tratado com cuidado. O Brasil ainda n\u00e3o possui estat\u00edsticas oficiais completas capazes de mostrar com precis\u00e3o a situa\u00e7\u00e3o profissional de toda a popula\u00e7\u00e3o autista adulta.<\/p>\n\n<p>O que j\u00e1 sabemos com maior precis\u00e3o \u00e9 o tamanho da popula\u00e7\u00e3o diagnosticada.<\/p>\n\n<p>Dados divulgados pelo IBGE a partir do Censo Demogr\u00e1fico de 2022 identificaram <strong>2,4 milh\u00f5es de pessoas diagnosticadas com autismo no Brasil<\/strong>, aproximadamente 1,2% da popula\u00e7\u00e3o.<\/p>\n\n<p>\ud83d\udc49 <strong>Fonte:<\/strong> <a href=\"https:\/\/educa.ibge.gov.br\/jovens\/materias-especiais\/22700-censo-2022-contou-2-4-milhoes-de-pessoas-diagnosticadas-com-autismo-no-brasil.html\" target=\"_blank\" rel=\"noopener noreferrer\">IBGE \u2013 Censo 2022 e autismo<\/a>.<\/p>\n\n<h2>\ud83d\udeaa O problema pode come\u00e7ar antes mesmo da contrata\u00e7\u00e3o<\/h2>\n\n<p>Muitos processos seletivos tradicionais foram constru\u00eddos em torno de caracter\u00edsticas que n\u00e3o necessariamente medem a capacidade de uma pessoa realizar determinado trabalho.<\/p>\n\n<p>Contato visual, facilidade para conversar sobre assuntos gen\u00e9ricos, desenvoltura em din\u00e2micas de grupo, respostas r\u00e1pidas para perguntas inesperadas e capacidade de demonstrar entusiasmo de determinada maneira podem receber um peso enorme durante uma entrevista.<\/p>\n\n<p>Para algumas pessoas autistas, justamente essas situa\u00e7\u00f5es podem representar uma dificuldade.<\/p>\n\n<p>Isso n\u00e3o significa que a pessoa n\u00e3o tenha conhecimento t\u00e9cnico, responsabilidade, capacidade de aprender ou compet\u00eancia para realizar o trabalho.<\/p>\n\n<p>Um candidato pode, por exemplo, possuir excelente conhecimento sobre sistemas de reservas, planejamento de viagens, programa\u00e7\u00e3o, an\u00e1lise de dados, fotografia, administra\u00e7\u00e3o ou gest\u00e3o hoteleira e, ainda assim, apresentar dificuldades em uma din\u00e2mica de grupo tradicional.<\/p>\n\n<p>Quando a empresa confunde <strong>habilidade social durante uma entrevista<\/strong> com <strong>capacidade profissional<\/strong>, excelentes profissionais podem ser eliminados antes mesmo de terem a oportunidade de demonstrar aquilo que sabem fazer.<\/p>\n\n<h2>\ud83c\udfa7 Acessibilidade no trabalho n\u00e3o significa apenas acessibilidade f\u00edsica<\/h2>\n\n<p>A Lei Brasileira de Inclus\u00e3o estabelece que a pessoa com defici\u00eancia tem direito ao trabalho em <strong>ambiente acess\u00edvel e inclusivo, em igualdade de oportunidades<\/strong>.<\/p>\n\n<p>A legisla\u00e7\u00e3o tamb\u00e9m prev\u00ea adapta\u00e7\u00f5es razo\u00e1veis e recursos que podem favorecer a inclus\u00e3o profissional.<\/p>\n\n<p>Quando pensamos em acessibilidade, \u00e9 comum imaginar primeiro rampas, elevadores, sinaliza\u00e7\u00e3o e banheiros adaptados.<\/p>\n\n<p>Tudo isso \u00e9 essencial, mas existem outras formas de acessibilidade.<\/p>\n\n<p>No caso de alguns profissionais autistas, pequenas adapta\u00e7\u00f5es podem fazer uma diferen\u00e7a enorme:<\/p>\n\n<ul>\n    <li>\u2705 instru\u00e7\u00f5es de trabalho mais claras e objetivas;<\/li>\n    <li>\u2705 rotinas e responsabilidades bem definidas;<\/li>\n    <li>\u2705 redu\u00e7\u00e3o de ru\u00eddos ou est\u00edmulos excessivos quando poss\u00edvel;<\/li>\n    <li>\u2705 possibilidade de utilizar recursos de prote\u00e7\u00e3o sensorial quando compat\u00edveis com a fun\u00e7\u00e3o;<\/li>\n    <li>\u2705 comunica\u00e7\u00e3o direta, evitando instru\u00e7\u00f5es excessivamente amb\u00edguas;<\/li>\n    <li>\u2705 antecipa\u00e7\u00e3o de mudan\u00e7as importantes na rotina;<\/li>\n    <li>\u2705 processos seletivos mais acess\u00edveis;<\/li>\n    <li>\u2705 avalia\u00e7\u00e3o profissional baseada no desempenho real da fun\u00e7\u00e3o;<\/li>\n    <li>\u2705 adapta\u00e7\u00f5es razo\u00e1veis conforme a necessidade individual.<\/li>\n<\/ul>\n\n<p>Isso n\u00e3o significa criar um ambiente completamente diferente para cada funcion\u00e1rio.<\/p>\n\n<p>Significa compreender que <strong>igualdade de oportunidades nem sempre acontece oferecendo exatamente as mesmas condi\u00e7\u00f5es para todas as pessoas<\/strong>.<\/p>\n\n<p>\ud83d\udc49 <strong>Fonte oficial:<\/strong> <a href=\"https:\/\/www.planalto.gov.br\/ccivil_03\/_ato2015-2018\/2015\/lei\/l13146.htm\" target=\"_blank\" rel=\"noopener noreferrer\">Lei Brasileira de Inclus\u00e3o \u2013 Lei n\u00ba 13.146\/2015<\/a>.<\/p>\n\n<h2>\u2708\ufe0f E o que tudo isso tem a ver com turismo?<\/h2>\n\n<p><strong>Muito.<\/strong><\/p>\n\n<p>Quando falamos sobre turismo inclusivo, normalmente pensamos na pessoa autista como turista.<\/p>\n\n<p>Falamos sobre atendimento priorit\u00e1rio, redu\u00e7\u00e3o de est\u00edmulos, salas sensoriais, funcion\u00e1rios preparados, previsibilidade, mapas, aeroportos acess\u00edveis, hot\u00e9is preparados e atra\u00e7\u00f5es capazes de acolher diferentes necessidades.<\/p>\n\n<p>Mas existe outra pergunta que tamb\u00e9m deveria fazer parte dessa discuss\u00e3o:<\/p>\n\n<p><strong>quantas pessoas autistas trabalham nesses lugares?<\/strong><\/p>\n\n<p>Um setor que pretende ser verdadeiramente inclusivo n\u00e3o deveria enxergar pessoas autistas apenas como clientes que precisam receber adapta\u00e7\u00f5es.<\/p>\n\n<p>Elas tamb\u00e9m podem ser profissionais.<\/p>\n\n<p>Podem trabalhar como recepcionistas, desenvolvedores de sistemas, designers, profissionais de marketing, agentes de viagens, auxiliares administrativos, profissionais de reservas, analistas, fot\u00f3grafos, produtores de conte\u00fado, pesquisadores, gestores e em in\u00fameras outras fun\u00e7\u00f5es relacionadas ao turismo.<\/p>\n\n<p>\ud83c\udf0e <strong>O turismo acess\u00edvel precisa acontecer dos dois lados do balc\u00e3o.<\/strong><\/p>\n\n<h2>\ud83d\udca1 Pessoas autistas tamb\u00e9m podem ajudar o turismo a enxergar novas barreiras<\/h2>\n\n<p>Pessoas que vivenciam determinadas barreiras de acessibilidade podem oferecer perspectivas importantes para organiza\u00e7\u00f5es que desejam melhorar seus servi\u00e7os.<\/p>\n\n<p>Isso n\u00e3o significa que toda pessoa autista precise trabalhar com acessibilidade ou que todas tenham as mesmas caracter\u00edsticas.<\/p>\n\n<p>Mas incluir diferentes experi\u00eancias dentro das equipes pode fazer com que empresas percebam problemas que anteriormente passavam despercebidos.<\/p>\n\n<p>Imagine uma rede de hot\u00e9is desenvolvendo um protocolo de atendimento para h\u00f3spedes neurodivergentes.<\/p>\n\n<p>Ou uma atra\u00e7\u00e3o tur\u00edstica reorganizando suas placas e informa\u00e7\u00f5es para tornar a visita mais previs\u00edvel.<\/p>\n\n<p>Ou ainda um aeroporto repensando desde a chegada do passageiro at\u00e9 o embarque.<\/p>\n\n<p>Ter pessoas neurodivergentes participando das equipes, dos testes e das decis\u00f5es pode aumentar a diversidade de perspectivas envolvidas na constru\u00e7\u00e3o dessas experi\u00eancias.<\/p>\n\n<p>\ud83d\udcac <strong>N\u00e3o basta desenvolver servi\u00e7os para pessoas autistas. Sempre que poss\u00edvel, \u00e9 importante tamb\u00e9m desenvolver servi\u00e7os com a participa\u00e7\u00e3o delas.<\/strong><\/p>\n\n<h2>\ud83c\udfe8 Onde pessoas autistas podem trabalhar dentro do turismo?<\/h2>\n\n<p>Outro erro comum \u00e9 imaginar que turismo significa exclusivamente trabalhar conversando o dia inteiro com turistas.<\/p>\n\n<p>Na realidade, existe uma cadeia enorme de profissionais por tr\u00e1s de cada viagem.<\/p>\n\n<p>Algumas possibilidades dentro ou relacionadas ao setor incluem:<\/p>\n\n<ul>\n    <li>\u2708\ufe0f ag\u00eancias de viagens e operadoras;<\/li>\n    <li>\ud83c\udfe8 hot\u00e9is, pousadas e resorts;<\/li>\n    <li>\ud83d\udeeb companhias a\u00e9reas e aeroportos;<\/li>\n    <li>\ud83c\udfa2 parques e atra\u00e7\u00f5es tur\u00edsticas;<\/li>\n    <li>\ud83c\udfdb\ufe0f museus e centros culturais;<\/li>\n    <li>\ud83d\udcbb tecnologia e desenvolvimento de sistemas;<\/li>\n    <li>\ud83c\udfa8 design e experi\u00eancia do usu\u00e1rio;<\/li>\n    <li>\ud83d\udcf1 marketing digital;<\/li>\n    <li>\ud83d\udcf7 fotografia e v\u00eddeo;<\/li>\n    <li>\ud83d\udcca an\u00e1lise de dados;<\/li>\n    <li>\ud83d\uddfa\ufe0f planejamento de roteiros;<\/li>\n    <li>\ud83d\udd0e pesquisa de destinos;<\/li>\n    <li>\u267f gest\u00e3o de acessibilidade;<\/li>\n    <li>\ud83c\udf9f\ufe0f eventos e produ\u00e7\u00e3o;<\/li>\n    <li>\u260e\ufe0f atendimento remoto;<\/li>\n    <li>\ud83d\udcb3 reservas e emiss\u00e3o;<\/li>\n    <li>\ud83d\udda5\ufe0f gest\u00e3o de sites e plataformas de turismo;<\/li>\n    <li>\ud83d\udcc1 \u00e1reas administrativas e financeiras.<\/li>\n<\/ul>\n\n<p>A escolha deve considerar as habilidades, interesses, experi\u00eancia, forma\u00e7\u00e3o e necessidades de cada pessoa \u2014 e n\u00e3o uma ideia generalizada sobre aquilo que pessoas autistas conseguem ou n\u00e3o conseguem fazer.<\/p>\n\n<h2>\ud83c\udf0e Turismo acess\u00edvel tamb\u00e9m passa pela capacita\u00e7\u00e3o dos profissionais<\/h2>\n\n<p>O Minist\u00e9rio do Turismo possui iniciativas voltadas \u00e0 promo\u00e7\u00e3o do <strong>turismo acess\u00edvel<\/strong>, buscando ampliar o acesso de pessoas com defici\u00eancia ou mobilidade reduzida \u00e0 atividade tur\u00edstica.<\/p>\n\n<p>Tamb\u00e9m existem iniciativas de capacita\u00e7\u00e3o de profissionais do setor para melhorar o atendimento a pessoas com Transtorno do Espectro Autista.<\/p>\n\n<p>Esse movimento mostra algo importante:<\/p>\n\n<p><strong>acessibilidade n\u00e3o depende apenas da estrutura f\u00edsica de um lugar.<\/strong><\/p>\n\n<p>O comportamento, a comunica\u00e7\u00e3o e o preparo das pessoas que trabalham naquele espa\u00e7o tamb\u00e9m fazem parte da experi\u00eancia.<\/p>\n\n<p>E justamente por isso existe uma conex\u00e3o direta entre <strong>turismo acess\u00edvel, qualifica\u00e7\u00e3o profissional e inclus\u00e3o no mercado de trabalho<\/strong>.<\/p>\n\n<p>Quanto mais diversa for uma equipe, maior pode ser a diversidade de experi\u00eancias consideradas na constru\u00e7\u00e3o daquele atendimento.<\/p>\n\n<p>\ud83d\udc49 Conhe\u00e7a o <a href=\"http:\/\/turismoacessivel.gov.br\/ta\/\" target=\"_blank\" rel=\"noopener noreferrer\">Programa Turismo Acess\u00edvel<\/a>.<\/p>\n\n<h2>\ud83d\udeab Empregar uma pessoa autista apenas para cumprir a cota tamb\u00e9m n\u00e3o \u00e9 inclus\u00e3o<\/h2>\n\n<p>A contrata\u00e7\u00e3o \u00e9 apenas o come\u00e7o.<\/p>\n\n<p>N\u00e3o adianta contratar uma pessoa autista somente para cumprir uma obriga\u00e7\u00e3o legal e coloc\u00e1-la em um ambiente no qual ningu\u00e9m conhece suas necessidades, as lideran\u00e7as n\u00e3o est\u00e3o preparadas e qualquer comportamento diferente \u00e9 interpretado como falta de interesse ou incompet\u00eancia.<\/p>\n\n<p>A pr\u00f3pria Lei Brasileira de Inclus\u00e3o vai al\u00e9m da simples contrata\u00e7\u00e3o.<\/p>\n\n<p>Ela protege a pessoa com defici\u00eancia contra discrimina\u00e7\u00e3o durante recrutamento, sele\u00e7\u00e3o, contrata\u00e7\u00e3o, perman\u00eancia no emprego e ascens\u00e3o profissional.<\/p>\n\n<p>Ou seja: inclus\u00e3o profissional n\u00e3o significa apenas entrar na empresa.<\/p>\n\n<p>\ud83d\udcc8 <strong>Significa conseguir permanecer, crescer, participar de treinamentos, receber oportunidades e construir uma carreira.<\/strong><\/p>\n\n<h2>\ud83d\udcdc Uma legisla\u00e7\u00e3o mais recente tamb\u00e9m tenta facilitar o acesso ao emprego<\/h2>\n\n<p>Em 2024 entrou em vigor a <strong>Lei n\u00ba 14.992<\/strong>, criada especificamente para estabelecer medidas que favore\u00e7am a inser\u00e7\u00e3o de pessoas com TEA no mercado de trabalho.<\/p>\n\n<p>A legisla\u00e7\u00e3o prev\u00ea, entre outras medidas, integra\u00e7\u00e3o de informa\u00e7\u00f5es relacionadas \u00e0s pessoas autistas com o Sistema Nacional de Emprego (Sine), buscando facilitar a intermedia\u00e7\u00e3o de vagas e contratos de aprendizagem.<\/p>\n\n<p>Tamb\u00e9m estabelece incentivo a iniciativas como feiras de emprego e a\u00e7\u00f5es de sensibiliza\u00e7\u00e3o dos empregadores para a contrata\u00e7\u00e3o de pessoas com defici\u00eancia.<\/p>\n\n<p>\u00c9 mais um passo importante.<\/p>\n\n<p>Mas transformar legisla\u00e7\u00e3o em inclus\u00e3o cotidiana ainda depende de empresas, gestores, profissionais de recursos humanos e da pr\u00f3pria sociedade.<\/p>\n\n<p>\ud83d\udc49 <strong>Fonte oficial:<\/strong> <a href=\"https:\/\/www.planalto.gov.br\/ccivil_03\/_ato2023-2026\/2024\/lei\/l14992.htm\" target=\"_blank\" rel=\"noopener noreferrer\">Lei n\u00ba 14.992\/2024 \u2013 Presid\u00eancia da Rep\u00fablica<\/a>.<\/p>\n\n<h2>\ud83e\udde0 Empresas do turismo precisam olhar para a neurodiversidade<\/h2>\n\n<p>Hot\u00e9is, restaurantes, parques, museus, aeroportos, atra\u00e7\u00f5es, empresas de transporte e ag\u00eancias v\u00eam sendo cada vez mais cobrados por acessibilidade.<\/p>\n\n<p>Esse \u00e9 um avan\u00e7o importante.<\/p>\n\n<p>Mas talvez o pr\u00f3ximo passo seja entender que inclus\u00e3o n\u00e3o deve existir somente na rela\u00e7\u00e3o entre empresa e consumidor.<\/p>\n\n<p><strong>Ela tamb\u00e9m precisa existir dentro das equipes.<\/strong><\/p>\n\n<p>Uma empresa que coloca o s\u00edmbolo de atendimento priorit\u00e1rio na entrada, mas n\u00e3o consegue adaptar um processo seletivo para um candidato com defici\u00eancia, ainda precisa avan\u00e7ar.<\/p>\n\n<p>Um hotel que anuncia estar preparado para receber h\u00f3spedes autistas, mas n\u00e3o prepara suas lideran\u00e7as para trabalhar com funcion\u00e1rios neurodivergentes, tamb\u00e9m pode avan\u00e7ar.<\/p>\n\n<p>Uma atra\u00e7\u00e3o tur\u00edstica que cria uma sala de regula\u00e7\u00e3o sensorial para visitantes demonstra uma preocupa\u00e7\u00e3o importante.<\/p>\n\n<p>E essa mesma l\u00f3gica de compreender diferentes necessidades tamb\u00e9m pode fazer parte das pol\u00edticas internas destinadas aos profissionais.<\/p>\n\n<p>\ud83c\udf0e <strong>Turismo inclusivo come\u00e7a antes da viagem e continua muito al\u00e9m do atendimento ao turista.<\/strong><\/p>\n\n<h2>\u2705 O que uma empresa pode fazer para incluir melhor profissionais autistas?<\/h2>\n\n<p>N\u00e3o existe uma \u00fanica adapta\u00e7\u00e3o que funcione para todas as pessoas autistas.<\/p>\n\n<p>O primeiro passo \u00e9 abandonar generaliza\u00e7\u00f5es e ouvir o pr\u00f3prio profissional.<\/p>\n\n<p>Entre algumas medidas poss\u00edveis est\u00e3o:<\/p>\n\n<ul>\n    <li>revisar processos seletivos;<\/li>\n    <li>treinar gestores e equipes de RH;<\/li>\n    <li>tornar instru\u00e7\u00f5es mais objetivas;<\/li>\n    <li>permitir adapta\u00e7\u00f5es razo\u00e1veis;<\/li>\n    <li>analisar poss\u00edveis barreiras sensoriais;<\/li>\n    <li>criar canais seguros para comunica\u00e7\u00e3o de necessidades;<\/li>\n    <li>avaliar desempenho com crit\u00e9rios objetivos;<\/li>\n    <li>oferecer oportunidades reais de desenvolvimento e crescimento.<\/li>\n<\/ul>\n\n<p>Tamb\u00e9m \u00e9 importante que o profissional autista n\u00e3o seja tratado como algu\u00e9m incapaz de crescer dentro da organiza\u00e7\u00e3o.<\/p>\n\n<p><strong>A oportunidade precisa continuar depois da contrata\u00e7\u00e3o.<\/strong><\/p>\n\n<h2>\u2764\ufe0f A inclus\u00e3o tamb\u00e9m transforma a experi\u00eancia de quem viaja<\/h2>\n\n<p>No <strong>Autistando pelo Mundo<\/strong>, acreditamos que acessibilidade significa permitir que diferentes pessoas possam participar da sociedade com mais autonomia, respeito e dignidade.<\/p>\n\n<p>Quando viajamos, queremos encontrar destinos preparados para receber pessoas autistas.<\/p>\n\n<p>Queremos hot\u00e9is que compreendam necessidades sensoriais.<\/p>\n\n<p>Queremos atra\u00e7\u00f5es que ofere\u00e7am informa\u00e7\u00f5es claras.<\/p>\n\n<p>Queremos aeroportos mais acess\u00edveis.<\/p>\n\n<p>Queremos profissionais que saibam como agir diante de diferentes formas de comunica\u00e7\u00e3o e comportamento.<\/p>\n\n<p>Mas existe uma etapa anterior a tudo isso.<\/p>\n\n<p><strong>Precisamos tamb\u00e9m de organiza\u00e7\u00f5es dispostas a trabalhar com a diversidade dentro de suas pr\u00f3prias equipes.<\/strong><\/p>\n\n<p>A pessoa autista n\u00e3o deve ser vista apenas como algu\u00e9m que precisa ser atendido.<\/p>\n\n<p>Ela pode atender. \ud83e\udd1d<\/p>\n\n<p>Pode criar. \ud83c\udfa8<\/p>\n\n<p>Pode organizar. \ud83d\udccb<\/p>\n\n<p>Pode desenvolver. \ud83d\udcbb<\/p>\n\n<p>Pode administrar. \ud83d\udcca<\/p>\n\n<p>Pode pesquisar. \ud83d\udd0e<\/p>\n\n<p>Pode liderar. \ud83d\ude80<\/p>\n\n<p>E pode ajudar a construir uma experi\u00eancia tur\u00edstica melhor para todo mundo.<\/p>\n\n<h2>\u2753 Perguntas frequentes sobre autismo e vagas PCD<\/h2>\n\n<h3>Autista pode concorrer a vaga PCD?<\/h3>\n\n<p>Sim. A Lei n\u00ba 12.764\/2012 determina que a pessoa com Transtorno do Espectro Autista \u00e9 considerada pessoa com defici\u00eancia para todos os efeitos legais. Portanto, pode concorrer \u00e0s vagas destinadas a PCD, observados os requisitos do processo seletivo.<\/p>\n\n<h3>Todo autista tem direito a uma vaga de emprego?<\/h3>\n\n<p>N\u00e3o existe garantia individual autom\u00e1tica de contrata\u00e7\u00e3o. A Lei de Cotas determina que empresas com 100 ou mais empregados reservem de 2% a 5% de seus cargos para pessoas com defici\u00eancia ou benefici\u00e1rios reabilitados.<\/p>\n\n<h3>Uma empresa pode discriminar uma pessoa autista durante uma entrevista?<\/h3>\n\n<p>N\u00e3o. A Lei Brasileira de Inclus\u00e3o pro\u00edbe discrimina\u00e7\u00e3o em raz\u00e3o da defici\u00eancia nas etapas de recrutamento, sele\u00e7\u00e3o, contrata\u00e7\u00e3o, perman\u00eancia no emprego e ascens\u00e3o profissional.<\/p>\n\n<h3>A empresa precisa adaptar o ambiente para um funcion\u00e1rio autista?<\/h3>\n\n<p>A legisla\u00e7\u00e3o brasileira prev\u00ea ambiente de trabalho acess\u00edvel e inclusivo e a possibilidade de adapta\u00e7\u00f5es razo\u00e1veis. As necessidades devem ser avaliadas individualmente, porque pessoas autistas podem apresentar perfis e necessidades muito diferentes.<\/p>\n\n<h3>Pessoas autistas podem trabalhar com turismo?<\/h3>\n\n<p>Sim. Pessoas autistas podem trabalhar em qualquer \u00e1rea compat\u00edvel com suas habilidades, forma\u00e7\u00e3o, interesses e condi\u00e7\u00f5es profissionais.<\/p>\n\n<p>O setor de turismo envolve muito mais do que atendimento presencial e possui oportunidades em administra\u00e7\u00e3o, tecnologia, marketing, reservas, pesquisa, hotelaria, atra\u00e7\u00f5es, planejamento, produ\u00e7\u00e3o de conte\u00fado e diversas outras \u00e1reas.<\/p>\n\n<h2>\ud83c\udf1f Inclus\u00e3o n\u00e3o termina quando a vaga \u00e9 preenchida<\/h2>\n\n<p>O Brasil j\u00e1 possui leis que reconhecem direitos importantes das pessoas autistas no mercado de trabalho.<\/p>\n\n<p>O desafio agora \u00e9 fazer com que esses direitos sejam percebidos no cotidiano.<\/p>\n\n<p>A contrata\u00e7\u00e3o de profissionais autistas n\u00e3o deveria ser encarada apenas como cumprimento de uma cota.<\/p>\n\n<p>Ela faz parte de algo muito maior: construir ambientes em que pessoas diferentes possam desenvolver suas capacidades sem precisar se encaixar artificialmente em um \u00fanico padr\u00e3o de comportamento.<\/p>\n\n<p>E para o turismo existe uma oportunidade ainda maior.<\/p>\n\n<p><strong>Um setor que aprende a incluir pessoas autistas dentro de suas equipes tamb\u00e9m pode se tornar mais preparado para compreender e acolher os milh\u00f5es de brasileiros autistas que viajam, passeiam, frequentam hot\u00e9is, restaurantes, parques, museus, aeroportos e destinos tur\u00edsticos.<\/strong><\/p>\n\n<p>Talvez seja esse um dos caminhos para um turismo verdadeiramente inclusivo:<\/p>\n\n<p>\u2708\ufe0f <strong>n\u00e3o apenas abrir as portas para o turista autista, mas tamb\u00e9m abrir oportunidades para o profissional autista.<\/strong><\/p>\n\n<hr>\n\n<p><strong>\ud83d\udcda Fontes consultadas:<\/strong> Presid\u00eancia da Rep\u00fablica \u2013 Lei n\u00ba 12.764\/2012, Lei n\u00ba 8.213\/1991, Lei Brasileira de Inclus\u00e3o (Lei n\u00ba 13.146\/2015) e Lei n\u00ba 14.992\/2024; Instituto Brasileiro de Geografia e Estat\u00edstica (IBGE); Senado Federal; Minist\u00e9rio do Turismo.<\/p>\n\t\t\t\t<\/div>\n\t\t\t\t<\/div>\n\t\t\t\t\t<\/div>\n\t\t\t\t<\/div>\n\t\t<div class=\"elementor-element elementor-element-b843aa2 e-flex e-con-boxed e-con e-parent\" data-id=\"b843aa2\" data-element_type=\"container\" data-e-type=\"container\">\n\t\t\t\t\t<div class=\"e-con-inner\">\n\t\t\t\t<div class=\"elementor-element elementor-element-ab21343 elementor-widget elementor-widget-html\" data-id=\"ab21343\" data-element_type=\"widget\" data-e-type=\"widget\" data-widget_type=\"html.default\">\n\t\t\t\t<div class=\"elementor-widget-container\">\n\t\t\t\t\t<section style=\"margin-top: 3rem; margin-bottom: 3rem; padding: 2rem; background-color: #f7f0eb; border-radius: 8px; text-align: center;\">\r\n\r\n  <h2 style=\"font-size: 1.8rem; color: #333; margin-bottom: 1rem;\">\r\n    \ud83d\udce3 Compartilhe sua experi\u00eancia de inclus\u00e3o!\r\n  <\/h2>\r\n\r\n  <p style=\"color: #555; font-size: 1rem; line-height: 1.6; max-width: 700px; margin: 0 auto 1.5rem;\">\r\n    Voc\u00ea viveu uma experi\u00eancia positiva de acessibilidade em algum parque, hotel, restaurante ou outro lugar? Sua hist\u00f3ria pode ajudar outras fam\u00edlias a planejar viagens mais inclusivas.  \r\n    <br><br>\r\n    Envie seu relato e ele pode aparecer aqui no site, na nossa se\u00e7\u00e3o de <strong>Reviews<\/strong> ou <strong>Dicas Gerais<\/strong>!\r\n  <\/p>\r\n\r\n  <a href=\"https:\/\/autistandopelomundo.com\/compartilhe-sua-experiencia\/\" style=\"display: inline-block; padding: 0.8rem 1.5rem; background-color: #f5b800; color: #000; text-decoration: none; font-weight: bold; border-radius: 6px; box-shadow: 0 4px 6px rgba(0,0,0,0.1);\">\r\n    \ud83d\udc49 Enviar minha experi\u00eancia\r\n  <\/a>\r\n\r\n<\/section>\t\t\t\t<\/div>\n\t\t\t\t<\/div>\n\t\t\t\t<div class=\"elementor-element elementor-element-4180104 elementor-widget elementor-widget-html\" data-id=\"4180104\" data-element_type=\"widget\" data-e-type=\"widget\" data-widget_type=\"html.default\">\n\t\t\t\t<div class=\"elementor-widget-container\">\n\t\t\t\t\t<section style=\"background-color: #f9f9f9; padding: 30px; border: 1px solid #ddd; max-width: 1200px; margin: 0 auto;\">\r\n  <div style=\"\r\n    display: flex; \r\n    flex-wrap: wrap; \r\n    align-items: center; \r\n    justify-content: center;\r\n  \">\r\n    <div style=\"\r\n      flex: 1; \r\n      min-width: 220px; \r\n      text-align: center; \r\n      margin-bottom: 20px;\r\n    \">\r\n      <img decoding=\"async\" \r\n        src=\"https:\/\/autistandopelomundo.com\/wp-content\/uploads\/2025\/06\/ChatGPT-Image-12-de-jun.-de-2025-10_18_21.png\" \r\n        alt=\"Autistando pelo Mundo\" \r\n        style=\"max-width: 180px; height: auto;\">\r\n    <\/div>\r\n    <div style=\"\r\n      flex: 1; \r\n      min-width: 220px; \r\n      text-align: center;\r\n    \">\r\n      <h2 style=\"\r\n        font-size: 1.5rem; \r\n        margin-bottom: 10px;\r\n      \">\r\n        N\u00e3o perca nenhuma dica!\r\n      <\/h2>\r\n      <p style=\"\r\n        margin-bottom: 15px; \r\n        font-size: 1rem; \r\n        line-height: 1.4; \r\n        color: #333;\r\n      \">\r\n        Cadastre-se e receba nossas experi\u00eancias de turismo inclusivo direto no seu e-mail.\r\n      <\/p>\r\n      <div style=\"max-width: 320px; margin: 0 auto;\">\r\n        \t\t\t<div class=\"srfm-form-container srfm-form-container-2206 srfm-bg-color srfm-submit-button-hidden\">\n\t\t\t\t\t\t<style>\n\t\t\t\t\/* Need to check and remove the input variables related to the Style Tab. *\/\n\t\t\t\t.srfm-form-container-2206 {\n\t\t\t\t\t\t\t\t\t\t\/* New test variables *\/\n\t\t\t\t\t--srfm-color-scheme-primary: var(--ast-global-color-0);\n\t\t\t\t\t--srfm-color-scheme-text-on-primary: #FFFFFF;\n\t\t\t\t\t--srfm-color-scheme-text: var(--ast-global-color-2);\n\t\t\t\t\t--srfm-quill-editor-color: var(--ast-global-color-0);\n\n\t\t\t\t\t--srfm-color-input-label: var(--ast-global-color-2);\n\t\t\t\t\t--srfm-color-input-description: hsl( from var(--ast-global-color-2) h s l \/ 0.65 );\n\t\t\t\t\t--srfm-color-input-placeholder: hsl( from var(--ast-global-color-2) h s l \/ 0.5 );\n\t\t\t\t\t--srfm-color-input-text: var(--ast-global-color-2);\n\t\t\t\t\t--srfm-color-input-prefix: hsl( from var(--ast-global-color-2) h s l \/ 0.65 );\n\t\t\t\t\t--srfm-color-input-background: hsl( from var(--ast-global-color-2) h s l \/ 0.02 );\n\t\t\t\t\t--srfm-color-input-background-hover: hsl( from var(--ast-global-color-2) h s l \/ 0.05 );\n\t\t\t\t\t--srfm-color-input-background-disabled: hsl( from var(--ast-global-color-2) h s l \/ 0.07 );\n\t\t\t\t\t--srfm-color-input-border: hsl( from var(--ast-global-color-2) h s l \/ 0.25 );\n\t\t\t\t\t--srfm-color-input-border-disabled: hsl( from var(--ast-global-color-2) h s l \/ 0.15 );\n\t\t\t\t\t--srfm-color-multi-choice-svg: hsl( from var(--ast-global-color-2) h s l \/ 0.7 );\n\t\t\t\t\t--srfm-color-input-border-hover: hsl( from var(--ast-global-color-0) h s l \/ 0.65 );\n\t\t\t\t\t--srfm-color-input-border-focus-glow: hsl( from var(--ast-global-color-0) h s l \/ 0.15 );\n\t\t\t\t\t--srfm-color-input-selected: hsl( from var(--ast-global-color-0) h s l \/ 0.1 );\n\t\t\t\t\t--srfm-btn-color-hover: hsl( from var(--ast-global-color-0) h s l \/ 0.9 );\n\t\t\t\t\t--srfm-btn-color-disabled: hsl( from var(--ast-global-color-0) h s l \/ 0.25 );\n\n\t\t\t\t\t\/* Dropdown Variables *\/\n\t\t\t\t\t--srfm-dropdown-input-background-hover: hsl( from var(--ast-global-color-2) h s l \/ 0.05 );\n\t\t\t\t\t--srfm-dropdown-option-background-hover: hsl( from var(--ast-global-color-2) h s l \/ 0.10 );\n\t\t\t\t\t--srfm-dropdown-option-background-selected: hsl( from var(--ast-global-color-2) h s l \/ 0.05 );\n\t\t\t\t\t--srfm-dropdown-option-selected-icon: hsl( from var(--ast-global-color-2) h s l \/ 0.65 );\n\t\t\t\t\t--srfm-dropdown-option-text-color: hsl( from var(--ast-global-color-2) h s l \/ 0.80 );\n\t\t\t\t\t--srfm-dropdown-option-selected-text: var(--ast-global-color-2);\n\t\t\t\t\t--srfm-dropdown-badge-background: hsl( from var(--ast-global-color-2) h s l \/ 0.05 );\n\t\t\t\t\t--srfm-dropdown-badge-background-hover: hsl( from var(--ast-global-color-2) h s l \/ 0.10 );\n\t\t\t\t\t--srfm-dropdown-menu-border-color: hsl( from var(--ast-global-color-2) h s l \/ 0.10 );\n\t\t\t\t\t--srfm-dropdown-placeholder-color: hsl( from var(--ast-global-color-2) h s l \/ 0.50 );\n\t\t\t\t\t--srfm-dropdown-icon-color: hsl( from var(--ast-global-color-2) h s l \/ 0.65 );\n\t\t\t\t\t--srfm-dropdown-icon-disabled: hsl( from var(--ast-global-color-2) h s l \/ 0.25 );\n\n\t\t\t\t\t\/* Background Control Variables *\/\n\t\t\t\t\t\t--srfm-instant-form-padding-top: 32px;--srfm-instant-form-padding-right: 32px;--srfm-instant-form-padding-bottom: 32px;--srfm-instant-form-padding-left: 32px;--srfm-instant-form-border-radius-top: 12px;--srfm-instant-form-border-radius-right: 12px;--srfm-instant-form-border-radius-bottom: 12px;--srfm-instant-form-border-radius-left: 12px;--srfm-form-padding-top: 0px;--srfm-form-padding-right: 0px;--srfm-form-padding-bottom: 0px;--srfm-form-padding-left: 0px;--srfm-form-border-radius-top: 0px;--srfm-form-border-radius-right: 0px;--srfm-form-border-radius-bottom: 0px;--srfm-form-border-radius-left: 0px;--srfm-bg-color: #ffffff;--srfm-bg-overlay-opacity: 1;\t\t\t\t\t\t--srfm-row-gap-between-blocks: 18px;--srfm-address-label-font-size: 16px;--srfm-address-label-line-height: 24px;--srfm-address-description-font-size: 14px;--srfm-address-description-line-height: 20px;--srfm-col-gap-between-fields: 16px;--srfm-row-gap-between-fields: 16px;--srfm-gap-below-address-label: 14px;--srfm-dropdown-font-size: 14px;--srfm-dropdown-gap-between-input-menu: 4px;--srfm-dropdown-badge-padding: 2px 6px;--srfm-dropdown-multiselect-font-size: 12px;--srfm-dropdown-multiselect-line-height: 16px;--srfm-dropdown-padding-right: 12px;--srfm-dropdown-padding-right-icon: calc( var( --srfm-dropdown-padding-right ) + 20px );--srfm-dropdown-multiselect-padding: 8px var( --srfm-dropdown-padding-right-icon ) 8px 8px;--srfm-input-height: 44px;--srfm-input-field-padding: 10px 12px;--srfm-input-field-font-size: 16px;--srfm-input-field-line-height: 24px;--srfm-input-field-margin-top: 6px;--srfm-input-field-margin-bottom: 6px;--srfm-checkbox-label-font-size: 16px;--srfm-checkbox-label-line-height: 24px;--srfm-checkbox-description-font-size: 14px;--srfm-checkbox-description-line-height: 20px;--srfm-check-ctn-width: 16px;--srfm-check-ctn-height: 16px;--srfm-check-svg-size: 10px;--srfm-checkbox-margin-top-frontend: 4px;--srfm-checkbox-margin-top-editor: 6px;--srfm-check-gap: 8px;--srfm-checkbox-description-margin-left: 24px;--srfm-flag-section-padding: 10px 0 10px 12px;--srfm-gap-between-icon-text: 8px;--srfm-label-font-size: 16px;--srfm-label-line-height: 24px;--srfm-description-font-size: 14px;--srfm-description-line-height: 20px;--srfm-btn-padding: 10px 14px;--srfm-btn-font-size: 16px;--srfm-btn-line-height: 24px;--srfm-multi-choice-horizontal-padding: 20px;--srfm-multi-choice-vertical-padding: 20px;--srfm-multi-choice-internal-option-gap: 8px;--srfm-multi-choice-vertical-svg-size: 40px;--srfm-multi-choice-horizontal-image-size: 24px;--srfm-multi-choice-vertical-image-size: 120px;--srfm-multi-choice-outer-padding: 2px;\t\t\t\t}\n\t\t\t<\/style>\n\t\t\t\t\t\t\t\t\t\t<form method=\"post\" enctype=\"multipart\/form-data\" id=\"srfm-form-2206\" class=\"srfm-form \"\n\t\t\t\tform-id=\"2206\" after-submission=\"hide form\" message-type=\"same page\" success-url=\"\" ajaxurl=\"https:\/\/autistandopelomundo.com\/wp-admin\/admin-ajax.php\" data-submit-token=\"6617b374bd450fe15ebdb4c7005b134d4e3f5d4c1d288ce99459db9f147a03f8\"\n\t\t\t\t>\n\t\t\t\t\n\t\t\t\t<input type=\"hidden\" value=\"2206\" name=\"form-id\">\n\t\t\t\t\t\t\t\t<input type=\"hidden\" value=\"\" name=\"srfm-form-language\">\n\t\t\t\t<input type=\"hidden\" value=\"\" name=\"srfm-sender-email-field\" id=\"srfm-sender-email\">\n\t\t\t\t<input type=\"hidden\" value=\"\" id=\"srfm-page-break\">\n\t\t\t\t\t\t<p id=\"srfm-error-message\" class=\"srfm-common-error-message srfm-error-message srfm-head-error\" hidden>\t\t<span class=\"srfm-icon\" aria-hidden=\"true\">\n\t\t\t<svg xmlns='http:\/\/www.w3.org\/2000\/svg' width='20' height='20' fill='none'><path d='M9.99935 18.3327C14.6017 18.3327 18.3327 14.6017 18.3327 9.99935C18.3327 5.39698 14.6017 1.66602 9.99935 1.66602C5.39698 1.66602 1.66602 5.39698 1.66602 9.99935C1.66602 14.6017 5.39698 18.3327 9.99935 18.3327Z' stroke='currentColor' stroke-width='1.5' stroke-linecap='round' stroke-linejoin='round' \/><path d='M10 6.66602V9.99935' stroke='currentColor' stroke-width='1.5' stroke-linecap='round' stroke-linejoin='round' \/><path d='M10 13.334H10.0083' stroke='currentColor' stroke-width='1.5' stroke-linecap='round' stroke-linejoin='round' \/><\/svg>\t\t<\/span>\n\t\t<span class=\"srfm-error-content\">There was an error trying to submit your form. Please try again.<\/span><\/p>\n\t\t\t\t\t<div data-block-id=\"e1350360\" class=\"srfm-block-single srfm-block srfm-email-block srf-email-e1350360-block  srfm-block-width-50 srfm-slug-email-address 2206 srfm-email-block-wrap\">\n\t\t\t\t<div class=\"srfm-email-block srf-email-e1350360-block\">\n\t\t\t\t\t\t\t\t\t\t\t\t\t\t\t<div class=\"srfm-block-wrap\">\n\t\t\t\t\t\t<input class=\"srfm-input-common srfm-input-email\" type=\"email\" name=\"srfm-email-e1350360-lbl-RW1haWwgKg-email-address\" id=\"srfm-email-e1350360-lbl-RW1haWwgKg\"\n\t\t\t\t\t\taria-describedby='srfm-error-e1350360'\t\t\t\t\t\tdata-required=\"false\" aria-required=\"false\" data-unique=\"false\" value=\"\"  placeholder=\"Email *\"   \/>\n\t\t\t\t\t<\/div>\n\t\t\t\t\t<div class=\"srfm-error-wrap\">\n\t\t\t\t\t\t\t\t\t\t\t<div class=\"srfm-error-message\" data-srfm-id=\"srfm-error-e1350360\" data-error-msg=\"This field is required.\" data-unique-msg=\"Value needs to be unique.\">\n\t\t\t\t\t\tThis field is required.\t\t\t\t\t<\/div>\n\t\t\t\t\t\t\t\t\t\t<\/div>\n\t\t\t\t<\/div>\n\t\t\t\t\t\t\t<\/div>\n\t\t\n\n\t\t\t\t\t\t\t\t\t\t<div data-block-id=\"76f46a3c\" class=\" 2206 srf-inline-button-76f46a3c-block srfm-block-width-50 srfm-block srfm-custom-button-ctn \">\n\t\t\t\t\t\t\t\t<button style=\" font-family: inherit; font-weight: var(--wp--custom--font-weight--medium); line-height: normal;width:100%;\" id=\"srfm-submit-btn\" class=\"srfm-button srfm-submit-button srfm-btn-frontend srfm-custom-button\" >\n\t\t\t\t\t<div class=\"srfm-submit-wrap\">\n\t\t\t\t\t\tInscreva\t\t\t\t\t\t<div class=\"srfm-loader\"><\/div>\n\t\t\t\t\t<\/div>\n\t\t\t\t<\/button>\n\t\t\t\t<div class=\"srfm-error-wrap\"><\/div>\n\t\t\t<\/div>\n\t\t\t\t\t\t\t\t\t\n\t\t\t\t\t\n\t\t\t\t\t<div class=\"srfm-submit-container \" style=\"visibility:hidden;position:absolute;\">\n\t\t\t\t\t\t<div style=\"width: ; text-align: left\" class=\"wp-block-button\">\n\t\t\t\t\t\t\t\t\t\t\t\t\t\t\t\t\t\t\t\t\t\t\t\t<\/div>\n\t\t\t\t\t<\/div>\n\t\t\t\t\t\t\t<p id=\"srfm-error-message\" class=\"srfm-common-error-message srfm-error-message srfm-footer-error\" hidden>\t\t<span class=\"srfm-icon\" aria-hidden=\"true\">\n\t\t\t<svg xmlns='http:\/\/www.w3.org\/2000\/svg' width='20' height='20' fill='none'><path d='M9.99935 18.3327C14.6017 18.3327 18.3327 14.6017 18.3327 9.99935C18.3327 5.39698 14.6017 1.66602 9.99935 1.66602C5.39698 1.66602 1.66602 5.39698 1.66602 9.99935C1.66602 14.6017 5.39698 18.3327 9.99935 18.3327Z' stroke='currentColor' stroke-width='1.5' stroke-linecap='round' stroke-linejoin='round' \/><path d='M10 6.66602V9.99935' stroke='currentColor' stroke-width='1.5' stroke-linecap='round' stroke-linejoin='round' \/><path d='M10 13.334H10.0083' stroke='currentColor' stroke-width='1.5' stroke-linecap='round' stroke-linejoin='round' \/><\/svg>\t\t<\/span>\n\t\t<span class=\"srfm-error-content\">There was an error trying to submit your form. Please try again.<\/span><\/p>\n\t\t\t\t\t<\/form>\n\t\t\t<div class=\"srfm-single-form srfm-success-box in-page\">\n\t\t\t\t<div aria-live=\"polite\" aria-atomic=\"true\" role=\"alert\" id=\"srfm-success-message-page-2206\" class=\"srfm-success-box-description\"><\/div>\n\t\t\t<\/div>\n\t\t\t\t\t\t<\/div>\n\t\t\r\n      <\/div>\r\n    <\/div>\r\n  <\/div>\r\n<\/section>\t\t\t\t<\/div>\n\t\t\t\t<\/div>\n\t\t\t\t<div class=\"elementor-element elementor-element-0341a6f elementor-widget elementor-widget-html\" data-id=\"0341a6f\" data-element_type=\"widget\" data-e-type=\"widget\" data-widget_type=\"html.default\">\n\t\t\t\t<div class=\"elementor-widget-container\">\n\t\t\t\t\t<section style=\"background-color: #bc7a65; color: white; text-align: center; padding: 50px 20px;\">\r\n  <h2 style=\"font-size: 28px; margin-bottom: 20px;\">Quer tornar o turismo mais inclusivo?<\/h2>\r\n  <p style=\"max-width: 800px; margin: 0 auto 30px auto; font-size: 16px;\">\r\n    Estamos abertos a parcerias com espa\u00e7os acess\u00edveis, pousadas inclusivas e projetos que valorizem a diversidade.<br>\r\n    Entre em contato e vamos conversar!\r\n  <\/p>\r\n  <a href=\"\/contact\/\" style=\"display: inline-block; background-color: white; color: #bc7a65; padding: 10px 25px; text-decoration: none; font-weight: bold; border-radius: 4px;\">\r\n    VAMOS CONVERSAR!\r\n  <\/a>\r\n<\/section>\t\t\t\t<\/div>\n\t\t\t\t<\/div>\n\t\t\t\t\t<\/div>\n\t\t\t\t<\/div>\n\t\t\t\t<\/div>\n\t\t","protected":false},"excerpt":{"rendered":"<p>Conseguir um emprego ainda \u00e9 um grande desafio para muitas pessoas autistas no Brasil. E isso gera uma d\u00favida bastante comum: afinal, autista tem direito a vaga PCD? \ud83e\udde9 A resposta \u00e9 sim. Para todos os efeitos legais, a pessoa com Transtorno do Espectro Autista (TEA) \u00e9 considerada pessoa com defici\u00eancia. Isso significa que pessoas [&hellip;]<\/p>\n","protected":false},"author":1,"featured_media":0,"comment_status":"open","ping_status":"open","sticky":false,"template":"","format":"standard","meta":{"om_disable_all_campaigns":false,"_uag_custom_page_level_css":"","_monsterinsights_skip_tracking":false,"site-sidebar-layout":"default","site-content-layout":"","ast-site-content-layout":"default","site-content-style":"default","site-sidebar-style":"default","ast-global-header-display":"","ast-banner-title-visibility":"","ast-main-header-display":"","ast-hfb-above-header-display":"","ast-hfb-below-header-display":"","ast-hfb-mobile-header-display":"","site-post-title":"disabled","ast-breadcrumbs-content":"","ast-featured-img":"","footer-sml-layout":"","ast-disable-related-posts":"","theme-transparent-header-meta":"","adv-header-id-meta":"","stick-header-meta":"","header-above-stick-meta":"","header-main-stick-meta":"","header-below-stick-meta":"","astra-migrate-meta-layouts":"set","ast-page-background-enabled":"default","ast-page-background-meta":{"desktop":{"background-color":"","background-image":"","background-repeat":"repeat","background-position":"center center","background-size":"auto","background-attachment":"scroll","background-type":"","background-media":"","overlay-type":"","overlay-color":"","overlay-opacity":"","overlay-gradient":""},"tablet":{"background-color":"","background-image":"","background-repeat":"repeat","background-position":"center center","background-size":"auto","background-attachment":"scroll","background-type":"","background-media":"","overlay-type":"","overlay-color":"","overlay-opacity":"","overlay-gradient":""},"mobile":{"background-color":"","background-image":"","background-repeat":"repeat","background-position":"center center","background-size":"auto","background-attachment":"scroll","background-type":"","background-media":"","overlay-type":"","overlay-color":"","overlay-opacity":"","overlay-gradient":""}},"ast-content-background-meta":{"desktop":{"background-color":"var(--ast-global-color-5)","background-image":"","background-repeat":"repeat","background-position":"center center","background-size":"auto","background-attachment":"scroll","background-type":"","background-media":"","overlay-type":"","overlay-color":"","overlay-opacity":"","overlay-gradient":""},"tablet":{"background-color":"var(--ast-global-color-5)","background-image":"","background-repeat":"repeat","background-position":"center center","background-size":"auto","background-attachment":"scroll","background-type":"","background-media":"","overlay-type":"","overlay-color":"","overlay-opacity":"","overlay-gradient":""},"mobile":{"background-color":"var(--ast-global-color-5)","background-image":"","background-repeat":"repeat","background-position":"center center","background-size":"auto","background-attachment":"scroll","background-type":"","background-media":"","overlay-type":"","overlay-color":"","overlay-opacity":"","overlay-gradient":""}},"footnotes":""},"categories":[115],"tags":[14,22,631,634,17,635,633,632,332,278,69,24,18,19,283],"class_list":["post-6392","post","type-post","status-publish","format-standard","hentry","category-autismo","tag-acessibilidade","tag-autismo","tag-autista","tag-emprego","tag-inclusao","tag-inclusao-profissional","tag-lei-de-cotas","tag-mercado-de-trabalho","tag-neurodiversidade","tag-pcd","tag-pessoa-com-deficiencia","tag-tea","tag-turismo-acessivel","tag-turismo-inclusivo","tag-vaga-pcd"],"yoast_head":"<!-- This site is optimized with the Yoast SEO plugin v28.1 - https:\/\/yoast.com\/product\/yoast-seo-wordpress\/ -->\n<title>Autista tem direito a vaga PCD?<\/title>\n<meta name=\"description\" content=\"Autista tem direito a vaga PCD? Entenda a Lei de Cotas, os desafios no mercado de trabalho e como o turismo pode avan\u00e7ar na inclus\u00e3o.\" \/>\n<meta name=\"robots\" content=\"index, follow, max-snippet:-1, max-image-preview:large, max-video-preview:-1\" \/>\n<link rel=\"canonical\" href=\"https:\/\/autistandopelomundo.com\/pt_br\/autista-tem-direito-vaga-pcd\/\" \/>\n<meta property=\"og:locale\" content=\"pt_BR\" \/>\n<meta property=\"og:type\" content=\"article\" \/>\n<meta property=\"og:title\" content=\"Autista tem direito a vaga PCD?\" \/>\n<meta property=\"og:description\" content=\"Autista tem direito a vaga PCD? Entenda a Lei de Cotas, os desafios no mercado de trabalho e como o turismo pode avan\u00e7ar na inclus\u00e3o.\" \/>\n<meta property=\"og:url\" content=\"https:\/\/autistandopelomundo.com\/pt_br\/autista-tem-direito-vaga-pcd\/\" \/>\n<meta property=\"og:site_name\" content=\"autistandopelomundo.com\" \/>\n<meta property=\"article:publisher\" content=\"https:\/\/www.facebook.com\/share\/19NpuEeVon\/&quot; target=&quot;_blank\" \/>\n<meta property=\"article:author\" content=\"https:\/\/www.facebook.com\/share\/19NpuEeVon\/&quot; target=&quot;_blank\" \/>\n<meta property=\"article:published_time\" content=\"2026-08-10T19:37:09+00:00\" \/>\n<meta property=\"article:modified_time\" content=\"2026-08-11T17:47:05+00:00\" \/>\n<meta property=\"og:image\" content=\"https:\/\/autistandopelomundo.com\/wp-content\/uploads\/2026\/08\/file_000000005584820ea3b3e40b1c606036-1024x576.jpg\" \/>\n<meta name=\"author\" content=\"vitoriaahm@gmail.com\" \/>\n<meta name=\"twitter:card\" content=\"summary_large_image\" \/>\n<meta name=\"twitter:label1\" content=\"Escrito por\" \/>\n\t<meta name=\"twitter:data1\" content=\"vitoriaahm@gmail.com\" \/>\n\t<meta name=\"twitter:label2\" content=\"Est. tempo de leitura\" \/>\n\t<meta name=\"twitter:data2\" content=\"16 minutos\" \/>\n<script type=\"application\/ld+json\" class=\"yoast-schema-graph\">{\"@context\":\"https:\\\/\\\/schema.org\",\"@graph\":[{\"@type\":\"Article\",\"@id\":\"https:\\\/\\\/autistandopelomundo.com\\\/autista-tem-direito-vaga-pcd\\\/#article\",\"isPartOf\":{\"@id\":\"https:\\\/\\\/autistandopelomundo.com\\\/autista-tem-direito-vaga-pcd\\\/\"},\"author\":{\"name\":\"vitoriaahm@gmail.com\",\"@id\":\"https:\\\/\\\/autistandopelomundo.com\\\/pt_br\\\/#\\\/schema\\\/person\\\/86ed63624e4f7a13567af4b8d8bd20c6\"},\"headline\":\"Autista tem direito a vaga PCD\",\"datePublished\":\"2026-08-10T19:37:09+00:00\",\"dateModified\":\"2026-08-11T17:47:05+00:00\",\"mainEntityOfPage\":{\"@id\":\"https:\\\/\\\/autistandopelomundo.com\\\/autista-tem-direito-vaga-pcd\\\/\"},\"wordCount\":2973,\"commentCount\":0,\"publisher\":{\"@id\":\"https:\\\/\\\/autistandopelomundo.com\\\/pt_br\\\/#\\\/schema\\\/person\\\/86ed63624e4f7a13567af4b8d8bd20c6\"},\"image\":{\"@id\":\"https:\\\/\\\/autistandopelomundo.com\\\/autista-tem-direito-vaga-pcd\\\/#primaryimage\"},\"thumbnailUrl\":\"https:\\\/\\\/autistandopelomundo.com\\\/wp-content\\\/uploads\\\/2026\\\/08\\\/file_000000005584820ea3b3e40b1c606036-1024x576.jpg\",\"keywords\":[\"acessibilidade\",\"autismo\",\"autista\",\"emprego\",\"inclus\u00e3o\",\"inclus\u00e3o profissional\",\"Lei de Cotas\",\"mercado de trabalho\",\"neurodiversidade\",\"PcD\",\"pessoa com defici\u00eancia\",\"TEA\",\"turismo acess\u00edvel\",\"turismo inclusivo\",\"vaga PcD\"],\"articleSection\":[\"Autismo\"],\"inLanguage\":\"pt-BR\",\"potentialAction\":[{\"@type\":\"CommentAction\",\"name\":\"Comment\",\"target\":[\"https:\\\/\\\/autistandopelomundo.com\\\/autista-tem-direito-vaga-pcd\\\/#respond\"]}]},{\"@type\":\"WebPage\",\"@id\":\"https:\\\/\\\/autistandopelomundo.com\\\/autista-tem-direito-vaga-pcd\\\/\",\"url\":\"https:\\\/\\\/autistandopelomundo.com\\\/autista-tem-direito-vaga-pcd\\\/\",\"name\":\"Autista tem direito a vaga PCD?\",\"isPartOf\":{\"@id\":\"https:\\\/\\\/autistandopelomundo.com\\\/pt_br\\\/#website\"},\"primaryImageOfPage\":{\"@id\":\"https:\\\/\\\/autistandopelomundo.com\\\/autista-tem-direito-vaga-pcd\\\/#primaryimage\"},\"image\":{\"@id\":\"https:\\\/\\\/autistandopelomundo.com\\\/autista-tem-direito-vaga-pcd\\\/#primaryimage\"},\"thumbnailUrl\":\"https:\\\/\\\/autistandopelomundo.com\\\/wp-content\\\/uploads\\\/2026\\\/08\\\/file_000000005584820ea3b3e40b1c606036-1024x576.jpg\",\"datePublished\":\"2026-08-10T19:37:09+00:00\",\"dateModified\":\"2026-08-11T17:47:05+00:00\",\"description\":\"Autista tem direito a vaga PCD? Entenda a Lei de Cotas, os desafios no mercado de trabalho e como o turismo pode avan\u00e7ar na inclus\u00e3o.\",\"breadcrumb\":{\"@id\":\"https:\\\/\\\/autistandopelomundo.com\\\/autista-tem-direito-vaga-pcd\\\/#breadcrumb\"},\"inLanguage\":\"pt-BR\",\"potentialAction\":[{\"@type\":\"ReadAction\",\"target\":[\"https:\\\/\\\/autistandopelomundo.com\\\/autista-tem-direito-vaga-pcd\\\/\"]}]},{\"@type\":\"ImageObject\",\"inLanguage\":\"pt-BR\",\"@id\":\"https:\\\/\\\/autistandopelomundo.com\\\/autista-tem-direito-vaga-pcd\\\/#primaryimage\",\"url\":\"https:\\\/\\\/autistandopelomundo.com\\\/wp-content\\\/uploads\\\/2026\\\/08\\\/file_000000005584820ea3b3e40b1c606036-1024x576.jpg\",\"contentUrl\":\"https:\\\/\\\/autistandopelomundo.com\\\/wp-content\\\/uploads\\\/2026\\\/08\\\/file_000000005584820ea3b3e40b1c606036-1024x576.jpg\"},{\"@type\":\"BreadcrumbList\",\"@id\":\"https:\\\/\\\/autistandopelomundo.com\\\/autista-tem-direito-vaga-pcd\\\/#breadcrumb\",\"itemListElement\":[{\"@type\":\"ListItem\",\"position\":1,\"name\":\"Home\",\"item\":\"https:\\\/\\\/autistandopelomundo.com\\\/\"},{\"@type\":\"ListItem\",\"position\":2,\"name\":\"Autista tem direito a vaga PCD\"}]},{\"@type\":\"WebSite\",\"@id\":\"https:\\\/\\\/autistandopelomundo.com\\\/pt_br\\\/#website\",\"url\":\"https:\\\/\\\/autistandopelomundo.com\\\/pt_br\\\/\",\"name\":\"autistandopelomundo.com\",\"description\":\"\",\"publisher\":{\"@id\":\"https:\\\/\\\/autistandopelomundo.com\\\/pt_br\\\/#\\\/schema\\\/person\\\/86ed63624e4f7a13567af4b8d8bd20c6\"},\"potentialAction\":[{\"@type\":\"SearchAction\",\"target\":{\"@type\":\"EntryPoint\",\"urlTemplate\":\"https:\\\/\\\/autistandopelomundo.com\\\/pt_br\\\/?s={search_term_string}\"},\"query-input\":{\"@type\":\"PropertyValueSpecification\",\"valueRequired\":true,\"valueName\":\"search_term_string\"}}],\"inLanguage\":\"pt-BR\"},{\"@type\":[\"Person\",\"Organization\"],\"@id\":\"https:\\\/\\\/autistandopelomundo.com\\\/pt_br\\\/#\\\/schema\\\/person\\\/86ed63624e4f7a13567af4b8d8bd20c6\",\"name\":\"vitoriaahm@gmail.com\",\"image\":{\"@type\":\"ImageObject\",\"inLanguage\":\"pt-BR\",\"@id\":\"https:\\\/\\\/autistandopelomundo.com\\\/wp-content\\\/uploads\\\/2025\\\/06\\\/cropped-ChatGPT-Image-12-de-jun.-de-2025-10_18_21.png\",\"url\":\"https:\\\/\\\/autistandopelomundo.com\\\/wp-content\\\/uploads\\\/2025\\\/06\\\/cropped-ChatGPT-Image-12-de-jun.-de-2025-10_18_21.png\",\"contentUrl\":\"https:\\\/\\\/autistandopelomundo.com\\\/wp-content\\\/uploads\\\/2025\\\/06\\\/cropped-ChatGPT-Image-12-de-jun.-de-2025-10_18_21.png\",\"width\":1058,\"height\":463,\"caption\":\"vitoriaahm@gmail.com\"},\"logo\":{\"@id\":\"https:\\\/\\\/autistandopelomundo.com\\\/wp-content\\\/uploads\\\/2025\\\/06\\\/cropped-ChatGPT-Image-12-de-jun.-de-2025-10_18_21.png\"},\"sameAs\":[\"http:\\\/\\\/autistandopelomundo.com\",\"https:\\\/\\\/www.facebook.com\\\/share\\\/19NpuEeVon\\\/\\\" target=\\\"_blank\",\"https:\\\/\\\/www.instagram.com\\\/autistandopelomundo\\\/?igsh=bWdmaTd0aGsydDhj#\",\"https:\\\/\\\/pin.it\\\/76u8YFgMq\\\" target=\"]}]}<\/script>\n<!-- \/ Yoast SEO plugin. -->","yoast_head_json":{"title":"Autista tem direito a vaga PCD?","description":"Autista tem direito a vaga PCD? Entenda a Lei de Cotas, os desafios no mercado de trabalho e como o turismo pode avan\u00e7ar na inclus\u00e3o.","robots":{"index":"index","follow":"follow","max-snippet":"max-snippet:-1","max-image-preview":"max-image-preview:large","max-video-preview":"max-video-preview:-1"},"canonical":"https:\/\/autistandopelomundo.com\/pt_br\/autista-tem-direito-vaga-pcd\/","og_locale":"pt_BR","og_type":"article","og_title":"Autista tem direito a vaga PCD?","og_description":"Autista tem direito a vaga PCD? Entenda a Lei de Cotas, os desafios no mercado de trabalho e como o turismo pode avan\u00e7ar na inclus\u00e3o.","og_url":"https:\/\/autistandopelomundo.com\/pt_br\/autista-tem-direito-vaga-pcd\/","og_site_name":"autistandopelomundo.com","article_publisher":"https:\/\/www.facebook.com\/share\/19NpuEeVon\/\" target=\"_blank","article_author":"https:\/\/www.facebook.com\/share\/19NpuEeVon\/\" target=\"_blank","article_published_time":"2026-08-10T19:37:09+00:00","article_modified_time":"2026-08-11T17:47:05+00:00","og_image":[{"url":"https:\/\/autistandopelomundo.com\/wp-content\/uploads\/2026\/08\/file_000000005584820ea3b3e40b1c606036-1024x576.jpg","type":"","width":"","height":""}],"author":"vitoriaahm@gmail.com","twitter_card":"summary_large_image","twitter_misc":{"Escrito por":"vitoriaahm@gmail.com","Est. tempo de leitura":"16 minutos"},"schema":{"@context":"https:\/\/schema.org","@graph":[{"@type":"Article","@id":"https:\/\/autistandopelomundo.com\/autista-tem-direito-vaga-pcd\/#article","isPartOf":{"@id":"https:\/\/autistandopelomundo.com\/autista-tem-direito-vaga-pcd\/"},"author":{"name":"vitoriaahm@gmail.com","@id":"https:\/\/autistandopelomundo.com\/pt_br\/#\/schema\/person\/86ed63624e4f7a13567af4b8d8bd20c6"},"headline":"Autista tem direito a vaga PCD","datePublished":"2026-08-10T19:37:09+00:00","dateModified":"2026-08-11T17:47:05+00:00","mainEntityOfPage":{"@id":"https:\/\/autistandopelomundo.com\/autista-tem-direito-vaga-pcd\/"},"wordCount":2973,"commentCount":0,"publisher":{"@id":"https:\/\/autistandopelomundo.com\/pt_br\/#\/schema\/person\/86ed63624e4f7a13567af4b8d8bd20c6"},"image":{"@id":"https:\/\/autistandopelomundo.com\/autista-tem-direito-vaga-pcd\/#primaryimage"},"thumbnailUrl":"https:\/\/autistandopelomundo.com\/wp-content\/uploads\/2026\/08\/file_000000005584820ea3b3e40b1c606036-1024x576.jpg","keywords":["acessibilidade","autismo","autista","emprego","inclus\u00e3o","inclus\u00e3o profissional","Lei de Cotas","mercado de trabalho","neurodiversidade","PcD","pessoa com defici\u00eancia","TEA","turismo acess\u00edvel","turismo inclusivo","vaga PcD"],"articleSection":["Autismo"],"inLanguage":"pt-BR","potentialAction":[{"@type":"CommentAction","name":"Comment","target":["https:\/\/autistandopelomundo.com\/autista-tem-direito-vaga-pcd\/#respond"]}]},{"@type":"WebPage","@id":"https:\/\/autistandopelomundo.com\/autista-tem-direito-vaga-pcd\/","url":"https:\/\/autistandopelomundo.com\/autista-tem-direito-vaga-pcd\/","name":"Autista tem direito a vaga PCD?","isPartOf":{"@id":"https:\/\/autistandopelomundo.com\/pt_br\/#website"},"primaryImageOfPage":{"@id":"https:\/\/autistandopelomundo.com\/autista-tem-direito-vaga-pcd\/#primaryimage"},"image":{"@id":"https:\/\/autistandopelomundo.com\/autista-tem-direito-vaga-pcd\/#primaryimage"},"thumbnailUrl":"https:\/\/autistandopelomundo.com\/wp-content\/uploads\/2026\/08\/file_000000005584820ea3b3e40b1c606036-1024x576.jpg","datePublished":"2026-08-10T19:37:09+00:00","dateModified":"2026-08-11T17:47:05+00:00","description":"Autista tem direito a vaga PCD? Entenda a Lei de Cotas, os desafios no mercado de trabalho e como o turismo pode avan\u00e7ar na inclus\u00e3o.","breadcrumb":{"@id":"https:\/\/autistandopelomundo.com\/autista-tem-direito-vaga-pcd\/#breadcrumb"},"inLanguage":"pt-BR","potentialAction":[{"@type":"ReadAction","target":["https:\/\/autistandopelomundo.com\/autista-tem-direito-vaga-pcd\/"]}]},{"@type":"ImageObject","inLanguage":"pt-BR","@id":"https:\/\/autistandopelomundo.com\/autista-tem-direito-vaga-pcd\/#primaryimage","url":"https:\/\/autistandopelomundo.com\/wp-content\/uploads\/2026\/08\/file_000000005584820ea3b3e40b1c606036-1024x576.jpg","contentUrl":"https:\/\/autistandopelomundo.com\/wp-content\/uploads\/2026\/08\/file_000000005584820ea3b3e40b1c606036-1024x576.jpg"},{"@type":"BreadcrumbList","@id":"https:\/\/autistandopelomundo.com\/autista-tem-direito-vaga-pcd\/#breadcrumb","itemListElement":[{"@type":"ListItem","position":1,"name":"Home","item":"https:\/\/autistandopelomundo.com\/"},{"@type":"ListItem","position":2,"name":"Autista tem direito a vaga PCD"}]},{"@type":"WebSite","@id":"https:\/\/autistandopelomundo.com\/pt_br\/#website","url":"https:\/\/autistandopelomundo.com\/pt_br\/","name":"autistandopelomundo.com","description":"","publisher":{"@id":"https:\/\/autistandopelomundo.com\/pt_br\/#\/schema\/person\/86ed63624e4f7a13567af4b8d8bd20c6"},"potentialAction":[{"@type":"SearchAction","target":{"@type":"EntryPoint","urlTemplate":"https:\/\/autistandopelomundo.com\/pt_br\/?s={search_term_string}"},"query-input":{"@type":"PropertyValueSpecification","valueRequired":true,"valueName":"search_term_string"}}],"inLanguage":"pt-BR"},{"@type":["Person","Organization"],"@id":"https:\/\/autistandopelomundo.com\/pt_br\/#\/schema\/person\/86ed63624e4f7a13567af4b8d8bd20c6","name":"vitoriaahm@gmail.com","image":{"@type":"ImageObject","inLanguage":"pt-BR","@id":"https:\/\/autistandopelomundo.com\/wp-content\/uploads\/2025\/06\/cropped-ChatGPT-Image-12-de-jun.-de-2025-10_18_21.png","url":"https:\/\/autistandopelomundo.com\/wp-content\/uploads\/2025\/06\/cropped-ChatGPT-Image-12-de-jun.-de-2025-10_18_21.png","contentUrl":"https:\/\/autistandopelomundo.com\/wp-content\/uploads\/2025\/06\/cropped-ChatGPT-Image-12-de-jun.-de-2025-10_18_21.png","width":1058,"height":463,"caption":"vitoriaahm@gmail.com"},"logo":{"@id":"https:\/\/autistandopelomundo.com\/wp-content\/uploads\/2025\/06\/cropped-ChatGPT-Image-12-de-jun.-de-2025-10_18_21.png"},"sameAs":["http:\/\/autistandopelomundo.com","https:\/\/www.facebook.com\/share\/19NpuEeVon\/\" target=\"_blank","https:\/\/www.instagram.com\/autistandopelomundo\/?igsh=bWdmaTd0aGsydDhj#","https:\/\/pin.it\/76u8YFgMq\" target="]}]}},"uagb_featured_image_src":{"full":false,"thumbnail":false,"medium":false,"medium_large":false,"large":false,"1536x1536":false,"2048x2048":false,"trp-custom-language-flag":false},"uagb_author_info":{"display_name":"vitoriaahm@gmail.com","author_link":"https:\/\/autistandopelomundo.com\/pt_br\/author\/vitoriaahmgmail-com\/"},"uagb_comment_info":1,"uagb_excerpt":"Conseguir um emprego ainda \u00e9 um grande desafio para muitas pessoas autistas no Brasil. E isso gera uma d\u00favida bastante comum: afinal, autista tem direito a vaga PCD? \ud83e\udde9 A resposta \u00e9 sim. Para todos os efeitos legais, a pessoa com Transtorno do Espectro Autista (TEA) \u00e9 considerada pessoa com defici\u00eancia. Isso significa que pessoas&hellip;","_links":{"self":[{"href":"https:\/\/autistandopelomundo.com\/pt_br\/wp-json\/wp\/v2\/posts\/6392","targetHints":{"allow":["GET"]}}],"collection":[{"href":"https:\/\/autistandopelomundo.com\/pt_br\/wp-json\/wp\/v2\/posts"}],"about":[{"href":"https:\/\/autistandopelomundo.com\/pt_br\/wp-json\/wp\/v2\/types\/post"}],"author":[{"embeddable":true,"href":"https:\/\/autistandopelomundo.com\/pt_br\/wp-json\/wp\/v2\/users\/1"}],"replies":[{"embeddable":true,"href":"https:\/\/autistandopelomundo.com\/pt_br\/wp-json\/wp\/v2\/comments?post=6392"}],"version-history":[{"count":10,"href":"https:\/\/autistandopelomundo.com\/pt_br\/wp-json\/wp\/v2\/posts\/6392\/revisions"}],"predecessor-version":[{"id":6402,"href":"https:\/\/autistandopelomundo.com\/pt_br\/wp-json\/wp\/v2\/posts\/6392\/revisions\/6402"}],"wp:attachment":[{"href":"https:\/\/autistandopelomundo.com\/pt_br\/wp-json\/wp\/v2\/media?parent=6392"}],"wp:term":[{"taxonomy":"category","embeddable":true,"href":"https:\/\/autistandopelomundo.com\/pt_br\/wp-json\/wp\/v2\/categories?post=6392"},{"taxonomy":"post_tag","embeddable":true,"href":"https:\/\/autistandopelomundo.com\/pt_br\/wp-json\/wp\/v2\/tags?post=6392"}],"curies":[{"name":"wp","href":"https:\/\/api.w.org\/{rel}","templated":true}]}}